{"id":130,"date":"2021-03-15T07:54:36","date_gmt":"2021-03-15T07:54:36","guid":{"rendered":"https:\/\/www.thebraliz.com\/blog\/?p=130"},"modified":"2021-05-18T16:22:19","modified_gmt":"2021-05-18T16:22:19","slug":"dudas-frecuentes-sobre-el-alisado-de-acido-hilauronico-y-keratina-the-braliz-casa-peluqueria","status":"publish","type":"post","link":"https:\/\/www.thebraliz.com\/blog\/dudas-frecuentes-sobre-el-alisado-de-acido-hilauronico-y-keratina-the-braliz-casa-peluqueria\/","title":{"rendered":"Resuelve tus dudas frecuentes sobre el alisado de \u00e1cido hialur\u00f3nico y keratina The Braliz"},"content":{"rendered":"\n<h3>Aclaramos las dudas frecuentes de nuestras clientas sobre el <a href=\"https:\/\/www.thebraliz.com\/es\/product\/11445018-the-braliz---alisado-de-pelo-con-acido-hialuronico\" target=\"_blank\" rel=\"noreferrer noopener\">alisado de \u00e1cido hialur\u00f3nico y keratina<\/a> The Braliz de la marca Sergilac<\/h3>\n\n\n\n<p>\u00a1Hola, se\u00f1oritas! Hoy en <strong>The Braliz.com<\/strong> vamos a resolver las dudas y preguntas m\u00e1s frecuentes sobre nuestro alisado de \u00e1cido hialur\u00f3nico y keratina de facil aplicacion en casa o peluqueria.<\/p>\n\n\n\n<!--more-->\n\n\n\n<p>Este alisado de Sergilac cuenta con grandes rese\u00f1as y opiniones en el sector de la peluquer\u00eda.<\/p>\n\n\n\n<p>En la peluquer\u00eda donde se lo vayan a llevar a cabo, sin duda tambi\u00e9n les podr\u00e1n informar y hablarles de las opiniones de este tratamiento de queratina de The Braliz.<\/p>\n\n\n\n<figure class=\"wp-block-image size-large\"><a href=\"https:\/\/www.thebraliz.com\/es\/product\/11445018-the-braliz---alisado-de-pelo-con-acido-hialuronico\"><img loading=\"lazy\" width=\"900\" height=\"600\" src=\"https:\/\/www.thebraliz.com\/blog\/wp-content\/uploads\/2021\/03\/dudas-preguntas-alisado-de-pelo-acido-hialuronico-keratina-sergila-the-braliz-2.jpg\" alt=\"dudas frecuentes sobre el alisado de acido hilauronico y keratina\" class=\"wp-image-132\" srcset=\"https:\/\/www.thebraliz.com\/blog\/wp-content\/uploads\/2021\/03\/dudas-preguntas-alisado-de-pelo-acido-hialuronico-keratina-sergila-the-braliz-2.jpg 900w, https:\/\/www.thebraliz.com\/blog\/wp-content\/uploads\/2021\/03\/dudas-preguntas-alisado-de-pelo-acido-hialuronico-keratina-sergila-the-braliz-2-300x200.jpg 300w, https:\/\/www.thebraliz.com\/blog\/wp-content\/uploads\/2021\/03\/dudas-preguntas-alisado-de-pelo-acido-hialuronico-keratina-sergila-the-braliz-2-768x512.jpg 768w\" sizes=\"(max-width: 900px) 100vw, 900px\" \/><\/a><\/figure>\n\n\n\n<h2>Preguntas y dudas frecuentes sobre el tratamiento de queratina The Braliz<\/h2>\n\n\n\n<h5>\u00bfCu\u00e1nto tiempo me va durar este alisado de \u00e1cido hialur\u00f3nico y keratina?<\/h5>\n\n\n\n<p>El alisado de Sergilac o The Braliz de facil aplicacion en casa o peluqueria dura aproximadamente 3 meses, aunque depende del tipo de pelo y los h\u00e1bitos que tengas. Como s\u00faper consejito para una mayor duraci\u00f3n, el uso del secador despu\u00e9s del lavado puede hacer que dure algo m\u00e1s, debido a que es un producto que se activa con el calor.<\/p>\n\n\n\n<h5>\u00bfEl \u00e1cido hialur\u00f3nico da\u00f1a el pelo?<\/h5>\n\n\n\n<p>\u00a1Para nada! Los componentes de este <a href=\"https:\/\/www.thebraliz.com\/es\/product\/11445018-the-braliz---alisado-de-pelo-con-acido-hialuronico\" target=\"_blank\" rel=\"noreferrer noopener\">alisado de acido hialur\u00f3nico<\/a> ya est\u00e1n en nuestro cuerpo de forma natural. Aunque s\u00ed es necesaria una valoraci\u00f3n previa, debido al uso de calor durante la aplicaci\u00f3n del tratamiento.<br>Seg\u00fan las opiniones de las profesionales del sal\u00f3n, se efectuar\u00e1 de una forma u otra.<\/p>\n\n\n\n<h5>\u00bfEste alisado es compatible con mechas?<\/h5>\n\n\n\n<p>Por supuesto, este tratamiento de keratina de la firma Sergilac ayudar\u00e1 a reconstruir la fibra capilar, aunque es importante valorar el estado previo, ya que si tienes el pelo muy da\u00f1ado el calor de la plancha (que se utiliza durante el aplicado) puede no dar resultados y opiniones \u00f3ptimas.<\/p>\n\n\n\n<h5>\u00bfMe cambiar\u00e1 el color del pelo el alisado acido hialuronico?<\/h5>\n\n\n\n<p>S\u00ed, aunque quiz\u00e1s no, todo depende del color de tu pelo, puede aclarar desde medio tono hasta 1 tono. Por ello, traemos otro s\u00faper consejito y este es te\u00f1irte 2 o 3 d\u00edas despu\u00e9s de practicarte este tratamiento.<\/p>\n\n\n\n<h5>\u00bfCu\u00e1ndo puedo volver a realizarme el alisado de \u00e1cido hialur\u00f3nico?<\/h5>\n\n\n\n<p>Para repetir la aplicaci\u00f3n en casa o peluqueria del alisado The Braliz de Sergilac recomendamos esperar 1-2 semanas si no te ha gustado el resultado y quieres darle algo mas de ca\u00f1a.<\/p>\n\n\n\n<h5>\u00bfPuedo te\u00f1irme o darme mechas el mismo d\u00eda que me realizo el alisado de keratina?<\/h5>\n\n\n\n<p>\u00a1Claro! Pero como hemos dicho anteriormente, lo mejor es esperar unos 2 o 3 d\u00edas despu\u00e9s del procedimiento, ya que lo ideal es esperar a que el producto se asiente.<\/p>\n\n\n\n<hr class=\"wp-block-separator\"\/>\n\n\n\n<p style=\"text-align:center;\"><iframe src=\"https:\/\/www.youtube.com\/embed\/8Bb5-TuJQLE\" title=\"YouTube video player\" allow=\"accelerometer; autoplay; clipboard-write; encrypted-media; gyroscope; picture-in-picture\" allowfullscreen=\"\" width=\"350\" height=\"350\" frameborder=\"0\"><\/iframe><\/p>\n\n\n\n<hr class=\"wp-block-separator\"\/>\n\n\n\n<h5>\u00bfMe ayudar\u00e1 con el encrespamiento?<\/h5>\n\n\n\n<p>El encrespamiento ya no ser\u00e1 una preocupaci\u00f3n para ustedes, ya que es uno de los resultados m\u00e1s a destacar de este producto <strong><em>The Braliz<\/em><\/strong>, hay muy buenas opiniones de sus <a href=\"https:\/\/www.thebraliz.com\/es\/product\/11445018-the-braliz---alisado-de-pelo-con-acido-hialuronico\" target=\"_blank\" rel=\"noreferrer noopener\">efectos antiencrespamiento o anti frizz<\/a>.<\/p>\n\n\n\n<h5>\u00bfSeguir\u00e9 necesitando mi plancha de peinado tras realizarme este <a href=\"https:\/\/www.thebraliz.com\/es\/product\/11445018-the-braliz---alisado-de-pelo-con-acido-hialuronico\" target=\"_blank\" rel=\"noreferrer noopener\">alisado de keratina<\/a>?<\/h5>\n\n\n\n<p>Este tratamiento dejar\u00e1 tu melena lisa, pero siempre con un acabado natural. Si deseas un efecto m\u00e1s dr\u00e1stico, lo m\u00e1s recomendable es usar la plancha, aunque el trabajo se ver\u00e1 muy facilitado gracias a The Braliz de Sergilac.<\/p>\n\n\n\n<h5>\u00bfEl \u00e1cido hialur\u00f3nico es apto para el pelo de embarazadas y ni\u00f1as?<\/h5>\n\n\n\n<p>S\u00ed que pueden, ya que este alisado de Sergilac cumple con las opiniones de los expertos y las normas sanitarias de Espa\u00f1a y el resto de Europa.<\/p>\n\n\n\n<h5>\u00bfCu\u00e1l es su INCI? (Ingredientes del Producto Cosm\u00e9tico)<\/h5>\n\n\n\n<p>Este producto de The Braliz fabricado por Sergilac contiene: agua, \u00e1cido gliox\u00edlico, glicerina, alcohol cetoestear\u00edlico, decametilciclopentasiloxano, ciclotetrasiloxano, Ceteareth-20, \u00e1cido hialur\u00f3nico, queratina hidrolizada, pantenol, cloruro de cetrimonio, dimeticonol, fructosa, alanto\u00edna, isopropanol, urea, maltosa, glucosa, \u00e1cido metanoico, pentilenglicol, PCA s\u00f3dico, lactato de sodio, parafina l\u00edquida, hidr\u00f3xido de sodio, trehalosa, \u00e1cido c\u00edtrico, cloruro de sodio, linalool, perfume (fragancia).<\/p>\n\n\n\n<h5>\u00bfHay precios especiales para profesionales del sector de peluquer\u00eda?<\/h5>\n\n\n\n<p>\u00a1S\u00ed! Aunque el descuento solo afecta a compras por volumen (m\u00ednimo 6 unidades).<\/p>\n\n\n\n<p>Desde <strong><em><a href=\"https:\/\/www.thebraliz.com\" target=\"_blank\" rel=\"noreferrer noopener\">The Braliz.com<\/a><\/em><\/strong> esperamos haberles aclarado las dudas que pudieran tener sobre este tratamiento de keratina y que se animen a probarlo.<\/p>\n\n\n\n<figure class=\"wp-block-image size-large\"><a href=\"https:\/\/www.thebraliz.com\/es\/product\/11445018-the-braliz---alisado-de-pelo-con-acido-hialuronico\"><img loading=\"lazy\" width=\"1024\" height=\"1024\" src=\"https:\/\/www.thebraliz.com\/blog\/wp-content\/uploads\/2021\/03\/sergilac-the-braliz-alisado-acido-hialuronico-keratina-tienda-online-1-1024x1024.jpg\" alt=\"alisado de keratina\" class=\"wp-image-133\" srcset=\"https:\/\/www.thebraliz.com\/blog\/wp-content\/uploads\/2021\/03\/sergilac-the-braliz-alisado-acido-hialuronico-keratina-tienda-online-1-1024x1024.jpg 1024w, https:\/\/www.thebraliz.com\/blog\/wp-content\/uploads\/2021\/03\/sergilac-the-braliz-alisado-acido-hialuronico-keratina-tienda-online-1-300x300.jpg 300w, https:\/\/www.thebraliz.com\/blog\/wp-content\/uploads\/2021\/03\/sergilac-the-braliz-alisado-acido-hialuronico-keratina-tienda-online-1-150x150.jpg 150w, https:\/\/www.thebraliz.com\/blog\/wp-content\/uploads\/2021\/03\/sergilac-the-braliz-alisado-acido-hialuronico-keratina-tienda-online-1-768x768.jpg 768w, https:\/\/www.thebraliz.com\/blog\/wp-content\/uploads\/2021\/03\/sergilac-the-braliz-alisado-acido-hialuronico-keratina-tienda-online-1-60x60.jpg 60w, https:\/\/www.thebraliz.com\/blog\/wp-content\/uploads\/2021\/03\/sergilac-the-braliz-alisado-acido-hialuronico-keratina-tienda-online-1.jpg 1200w\" sizes=\"(max-width: 1024px) 100vw, 1024px\" \/><\/a><\/figure>\n\n\n\n<p>Cualquier otra pregunta que les surja acerca de este o cualquier otro de nuestros productos, pueden contactarnos aqu\u00ed dudas.<\/p>\n\n\n\n<p class=\"has-text-align-center\"><a href=\"https:\/\/thebraliz.com\"><em><strong>Como siempre, un gran abrazo<\/strong><\/em><br><em><strong>Les deseamos un cabello y un d\u00eda muy feliz \ud83d\ude42<\/strong><\/em><\/a><\/p>\n\n\n\n<p><\/p>\n\n\n\n<p><\/p>\n\n\n\n<div class=\"wp-block-group\"><div class=\"wp-block-group__inner-container\">\n<div class=\"wp-block-group\"><div class=\"wp-block-group__inner-container\">\n<div class=\"wp-block-group\">\n<div class=\"wp-block-group__inner-container\"><\/div>\n<\/div>\n<\/div><\/div>\n<\/div><\/div>\n\n\n\n<p><\/p>\n","protected":false},"excerpt":{"rendered":"<p>Aclaramos las dudas frecuentes de nuestras clientas sobre el alisado de \u00e1cido hialur\u00f3nico y keratina The Braliz de la marca Sergilac \u00a1Hola, se\u00f1oritas! Hoy en The Braliz.com vamos a resolver las dudas y preguntas m\u00e1s frecuentes sobre nuestro alisado de \u00e1cido hialur\u00f3nico y keratina de facil aplicacion en casa o peluqueria.<\/p>\n","protected":false},"author":2,"featured_media":131,"comment_status":"closed","ping_status":"open","sticky":false,"template":"","format":"standard","meta":[],"categories":[1],"tags":[],"yoast_head":"<!-- This site is optimized with the Yoast SEO plugin v15.7 - https:\/\/yoast.com\/wordpress\/plugins\/seo\/ -->\n<title>Alisado de \u00e1cido hialur\u00f3nico y keratina |\u00a0Dudas y preguntas frecuentes<\/title>\n<meta name=\"description\" content=\"Dudas y preguntas frecuentes sobre el Alisado de \u00e1cido hialur\u00f3nico y keratina The Braliz by Sergilac de facil aplicacion en casa o peluqueria\" \/>\n<meta name=\"robots\" content=\"index, follow, max-snippet:-1, max-image-preview:large, max-video-preview:-1\" \/>\n<link rel=\"canonical\" href=\"https:\/\/www.thebraliz.com\/blog\/dudas-frecuentes-sobre-el-alisado-de-acido-hilauronico-y-keratina-the-braliz-casa-peluqueria\/\" \/>\n<meta property=\"og:locale\" content=\"es_ES\" \/>\n<meta property=\"og:type\" content=\"article\" \/>\n<meta property=\"og:title\" content=\"Alisado de \u00e1cido hialur\u00f3nico y keratina |\u00a0Dudas y preguntas frecuentes\" \/>\n<meta property=\"og:description\" content=\"Dudas y preguntas frecuentes sobre el Alisado de \u00e1cido hialur\u00f3nico y keratina The Braliz by Sergilac de facil aplicacion en casa o peluqueria\" \/>\n<meta property=\"og:url\" content=\"https:\/\/www.thebraliz.com\/blog\/dudas-frecuentes-sobre-el-alisado-de-acido-hilauronico-y-keratina-the-braliz-casa-peluqueria\/\" \/>\n<meta property=\"og:site_name\" content=\"The Braliz Blog\" \/>\n<meta property=\"article:published_time\" content=\"2021-03-15T07:54:36+00:00\" \/>\n<meta property=\"article:modified_time\" content=\"2021-05-18T16:22:19+00:00\" \/>\n<meta property=\"og:image\" content=\"https:\/\/www.thebraliz.com\/blog\/wp-content\/uploads\/2021\/03\/dudas-preguntas-alisado-de-pelo-acido-hialuronico-keratina-sergila-the-braliz-1.jpg\" \/>\n\t<meta property=\"og:image:width\" content=\"900\" \/>\n\t<meta property=\"og:image:height\" content=\"600\" \/>\n<meta name=\"twitter:card\" content=\"summary_large_image\" \/>\n<meta name=\"twitter:label1\" content=\"Tiempo de lectura\">\n\t<meta name=\"twitter:data1\" content=\"4 minutos\">\n<script type=\"application\/ld+json\" class=\"yoast-schema-graph\">{\"@context\":\"https:\/\/schema.org\",\"@graph\":[{\"@type\":\"WebSite\",\"@id\":\"https:\/\/www.thebraliz.com\/blog\/#website\",\"url\":\"https:\/\/www.thebraliz.com\/blog\/\",\"name\":\"The Braliz Blog\",\"description\":\"The Braliz Blog. Noticias The Braliz\",\"potentialAction\":[{\"@type\":\"SearchAction\",\"target\":\"https:\/\/www.thebraliz.com\/blog\/?s={search_term_string}\",\"query-input\":\"required name=search_term_string\"}],\"inLanguage\":\"es\"},{\"@type\":\"ImageObject\",\"@id\":\"https:\/\/www.thebraliz.com\/blog\/dudas-frecuentes-sobre-el-alisado-de-acido-hilauronico-y-keratina-the-braliz-casa-peluqueria\/#primaryimage\",\"inLanguage\":\"es\",\"url\":\"https:\/\/www.thebraliz.com\/blog\/wp-content\/uploads\/2021\/03\/dudas-preguntas-alisado-de-pelo-acido-hialuronico-keratina-sergila-the-braliz-1.jpg\",\"width\":900,\"height\":600},{\"@type\":\"WebPage\",\"@id\":\"https:\/\/www.thebraliz.com\/blog\/dudas-frecuentes-sobre-el-alisado-de-acido-hilauronico-y-keratina-the-braliz-casa-peluqueria\/#webpage\",\"url\":\"https:\/\/www.thebraliz.com\/blog\/dudas-frecuentes-sobre-el-alisado-de-acido-hilauronico-y-keratina-the-braliz-casa-peluqueria\/\",\"name\":\"Alisado de \\u00e1cido hialur\\u00f3nico y keratina |\\u00a0Dudas y preguntas frecuentes\",\"isPartOf\":{\"@id\":\"https:\/\/www.thebraliz.com\/blog\/#website\"},\"primaryImageOfPage\":{\"@id\":\"https:\/\/www.thebraliz.com\/blog\/dudas-frecuentes-sobre-el-alisado-de-acido-hilauronico-y-keratina-the-braliz-casa-peluqueria\/#primaryimage\"},\"datePublished\":\"2021-03-15T07:54:36+00:00\",\"dateModified\":\"2021-05-18T16:22:19+00:00\",\"author\":{\"@id\":\"https:\/\/www.thebraliz.com\/blog\/#\/schema\/person\/5532913abeb3c4ffd1c52fa8ec416683\"},\"description\":\"Dudas y preguntas frecuentes sobre el Alisado de \\u00e1cido hialur\\u00f3nico y keratina The Braliz by Sergilac de facil aplicacion en casa o peluqueria\",\"inLanguage\":\"es\",\"potentialAction\":[{\"@type\":\"ReadAction\",\"target\":[\"https:\/\/www.thebraliz.com\/blog\/dudas-frecuentes-sobre-el-alisado-de-acido-hilauronico-y-keratina-the-braliz-casa-peluqueria\/\"]}]},{\"@type\":\"Person\",\"@id\":\"https:\/\/www.thebraliz.com\/blog\/#\/schema\/person\/5532913abeb3c4ffd1c52fa8ec416683\",\"name\":\"The Braliz\",\"image\":{\"@type\":\"ImageObject\",\"@id\":\"https:\/\/www.thebraliz.com\/blog\/#personlogo\",\"inLanguage\":\"es\",\"url\":\"https:\/\/secure.gravatar.com\/avatar\/1a7dc00cd1f18003f98615b1251b44f5?s=96&d=mm&r=g\",\"caption\":\"The Braliz\"},\"sameAs\":[\"https:\/\/www.thebraliz.com\"]}]}<\/script>\n<!-- \/ Yoast SEO plugin. -->","_links":{"self":[{"href":"https:\/\/www.thebraliz.com\/blog\/wp-json\/wp\/v2\/posts\/130"}],"collection":[{"href":"https:\/\/www.thebraliz.com\/blog\/wp-json\/wp\/v2\/posts"}],"about":[{"href":"https:\/\/www.thebraliz.com\/blog\/wp-json\/wp\/v2\/types\/post"}],"author":[{"embeddable":true,"href":"https:\/\/www.thebraliz.com\/blog\/wp-json\/wp\/v2\/users\/2"}],"replies":[{"embeddable":true,"href":"https:\/\/www.thebraliz.com\/blog\/wp-json\/wp\/v2\/comments?post=130"}],"version-history":[{"count":18,"href":"https:\/\/www.thebraliz.com\/blog\/wp-json\/wp\/v2\/posts\/130\/revisions"}],"predecessor-version":[{"id":275,"href":"https:\/\/www.thebraliz.com\/blog\/wp-json\/wp\/v2\/posts\/130\/revisions\/275"}],"wp:featuredmedia":[{"embeddable":true,"href":"https:\/\/www.thebraliz.com\/blog\/wp-json\/wp\/v2\/media\/131"}],"wp:attachment":[{"href":"https:\/\/www.thebraliz.com\/blog\/wp-json\/wp\/v2\/media?parent=130"}],"wp:term":[{"taxonomy":"category","embeddable":true,"href":"https:\/\/www.thebraliz.com\/blog\/wp-json\/wp\/v2\/categories?post=130"},{"taxonomy":"post_tag","embeddable":true,"href":"https:\/\/www.thebraliz.com\/blog\/wp-json\/wp\/v2\/tags?post=130"}],"curies":[{"name":"wp","href":"https:\/\/api.w.org\/{rel}","templated":true}]}}