{"id":325,"date":"2021-07-26T07:02:35","date_gmt":"2021-07-26T07:02:35","guid":{"rendered":"https:\/\/www.thebraliz.com\/blog\/?p=325"},"modified":"2023-02-06T14:52:04","modified_gmt":"2023-02-06T14:52:04","slug":"consejos-trucos-prolongar-duracion-alisado-acido-hialuronico","status":"publish","type":"post","link":"https:\/\/www.thebraliz.com\/blog\/consejos-trucos-prolongar-duracion-alisado-acido-hialuronico\/","title":{"rendered":"Como prolongar la duraci\u00f3n de un alisado de pelo con \u00e1cido hialur\u00f3nico y keratina"},"content":{"rendered":"\n<h3>Damos consejos para prolongar la duraci\u00f3n de tu alisado The Braliz y sacarle el m\u00e1ximo potencial al tratamiento m\u00e1s aclamado.<\/h3>\n\n\n\n<!--more-->\n\n\n\n<p>\u00a1Hola, queridas lectoras! Hoy en nuestro blog queremos darles unos consejos para que le saquen el mayor potencial a nuestro producto estrella de <a href=\"https:\/\/www.thebraliz.com\/es\/product\/11445018-the-braliz-by-sergilac---alisado-de-pelo-con-acido-hialuronico\" target=\"_blank\" rel=\"noreferrer noopener\">alisado de \u00e1cido hialur\u00f3nico y keratina<\/a>.<\/p>\n\n\n\n<p>Las ayudaremos a <strong>prolongar su duraci\u00f3n y a mantener el efecto de alisado<\/strong> en el cabello como si hubieran salido de la peluquer\u00eda ayer mismo.<\/p>\n\n\n\n<p>Este alisado de Sergilac ha sido aclamado en distintas partes del mundo por sus m\u00faltiples beneficios y sus excelentes resultados. Con este <a href=\"https:\/\/www.thebraliz.com\/es\/product\/11445018-the-braliz-by-sergilac---alisado-de-pelo-con-acido-hialuronico\" target=\"_blank\" rel=\"noreferrer noopener\">alisado de \u00e1cido hialur\u00f3nico<\/a> te podr\u00e1s despedir del encrespamiento y la sequedad de tu pelo.<\/p>\n\n\n\n<p>Adem\u00e1s, su <strong>opci\u00f3n de hacerlo con o sin plancha de peinado<\/strong> permite conseguir diversos resultados. Si adem\u00e1s de lo anteriormente nombrado, quieres conseguir un alisado con acabado natural, la opci\u00f3n perfecta es utilizar el calor de la plancha durante el procedimiento.<\/p>\n\n\n\n<p>Si por el contrario, solamente quieres deshacerte del encrespamiento y la deshidrataci\u00f3n, pero quieres conservar la onda de tu cabello, pide en tu peluquer\u00eda (o tambi\u00e9n puedes hacerlo t\u00fa en casa) que no utilicen la plancha en el procedimiento.<\/p>\n\n\n\n<figure class=\"wp-block-image size-large\"><img loading=\"lazy\" width=\"1024\" height=\"683\" src=\"https:\/\/www.thebraliz.com\/blog\/wp-content\/uploads\/2021\/07\/Como-prolongar-la-duracion-de-un-alisado-the-braliz-sergilac-2-1024x683.jpg\" alt=\"Duraci\u00f3n de este alisado de \u00e1cido hialur\u00f3nico y keratina\" class=\"wp-image-328\" srcset=\"https:\/\/www.thebraliz.com\/blog\/wp-content\/uploads\/2021\/07\/Como-prolongar-la-duracion-de-un-alisado-the-braliz-sergilac-2-1024x683.jpg 1024w, https:\/\/www.thebraliz.com\/blog\/wp-content\/uploads\/2021\/07\/Como-prolongar-la-duracion-de-un-alisado-the-braliz-sergilac-2-300x200.jpg 300w, https:\/\/www.thebraliz.com\/blog\/wp-content\/uploads\/2021\/07\/Como-prolongar-la-duracion-de-un-alisado-the-braliz-sergilac-2-768x512.jpg 768w, https:\/\/www.thebraliz.com\/blog\/wp-content\/uploads\/2021\/07\/Como-prolongar-la-duracion-de-un-alisado-the-braliz-sergilac-2.jpg 1200w\" sizes=\"(max-width: 1024px) 100vw, 1024px\" \/><\/figure>\n\n\n\n<h2>Duraci\u00f3n de este alisado de \u00e1cido hialur\u00f3nico y keratina<\/h2>\n\n\n\n<p>Dependiendo del estado y las caracter\u00edsticas de tu melena, este tratamiento puede durar m\u00e1s tiempo, o menos. Si la tienes muy estropeada, tu fibra capilar es muy porosa, o tienes mucho volumen, el efecto de <strong><em><a href=\"https:\/\/www.thebraliz.com\" target=\"_blank\" rel=\"noreferrer noopener\">The Braliz by Sergilac<\/a><\/em><\/strong> tendr\u00e1 una menor duraci\u00f3n.<\/p>\n\n\n\n<p>En melenas m\u00e1s sanas y fuertes, el efecto de este <a href=\"https:\/\/www.thebraliz.com\/\" target=\"_blank\" rel=\"noreferrer noopener\">producto de peluquer\u00eda<\/a> se puede llegar a prolongar m\u00e1s tiempo, incluso superando los 3 meses.<\/p>\n\n\n\n<p>Pero como todo tiene un truco, en TheBraliz.com vamos a aconsejarte para que, aunque tu pelo no cuente con las mejores condiciones, puedas sacarle un buen partido a este tratamiento y hacerlo durar m\u00e1s tiempo.<\/p>\n\n\n\n<figure class=\"wp-block-image size-large\"><img loading=\"lazy\" width=\"900\" height=\"600\" src=\"https:\/\/www.thebraliz.com\/blog\/wp-content\/uploads\/2021\/07\/5-tecnicas-para-reducir-el-volumen-del-pelo-alisado-the-braliz-sergilac-acido-hialuronico-6-1.jpg\" alt=\"C\u00f3mo prolongar m\u00e1s tiempo nuestro alisado de \u00e1cido hialur\u00f3nico y keratina\" class=\"wp-image-327\" srcset=\"https:\/\/www.thebraliz.com\/blog\/wp-content\/uploads\/2021\/07\/5-tecnicas-para-reducir-el-volumen-del-pelo-alisado-the-braliz-sergilac-acido-hialuronico-6-1.jpg 900w, https:\/\/www.thebraliz.com\/blog\/wp-content\/uploads\/2021\/07\/5-tecnicas-para-reducir-el-volumen-del-pelo-alisado-the-braliz-sergilac-acido-hialuronico-6-1-300x200.jpg 300w, https:\/\/www.thebraliz.com\/blog\/wp-content\/uploads\/2021\/07\/5-tecnicas-para-reducir-el-volumen-del-pelo-alisado-the-braliz-sergilac-acido-hialuronico-6-1-768x512.jpg 768w\" sizes=\"(max-width: 900px) 100vw, 900px\" \/><\/figure>\n\n\n\n<h3>C\u00f3mo prolongar m\u00e1s tiempo nuestro alisado de \u00e1cido hialur\u00f3nico y keratina<\/h3>\n\n\n\n<p>Lo primero que tenemos que tener claro es que debemos cuidar y mimar el cabello tras realizarnos cualquier alisado, ya que no deja de ser un proceso qu\u00edmico e intenso por el que el pelo tiene que pasar.<\/p>\n\n\n\n<p>Para ello, debemos lavarlo con los mejores productos, como por ejemplo <strong><em><a href=\"https:\/\/www.thebraliz.com\/es\/product\/11445019-the-frizz-free-shampoo\" target=\"_blank\" rel=\"noreferrer noopener\">The Frizz Free Shampoo<\/a><\/em><\/strong>, champ\u00fa especializado en eliminar el encrespamiento y dejar una bonita melena sedosa y brillante.<\/p>\n\n\n\n<p>O <strong><em><a href=\"https:\/\/www.thebraliz.com\/es\/product\/11463675-lote-the-braliz-the-dandruff-free-shampoo-the-frizz-free-mask\" target=\"_blank\" rel=\"noreferrer noopener\">The Dandruff Free Shampoo<\/a><\/em><\/strong><em>, <\/em>que limpia en profundidad a la vez que regula la producci\u00f3n de sebo y caspa del cuero cabelludo. Con este champ\u00fa tu melena se sentir\u00e1 agradecida y se fortalecer\u00e1 bastante, y como consecuencia har\u00e1 que el tratamiento dure m\u00e1s tiempo.<\/p>\n\n\n\n<p>Como opci\u00f3n perfecta para despu\u00e9s del lavado, est\u00e1 <strong><em><a href=\"https:\/\/www.thebraliz.com\/es\/product\/11457215-the-frizz-free-mask\" target=\"_blank\" rel=\"noreferrer noopener\">The Frizz Free Mask<\/a><\/em><\/strong><em>, <\/em>que con su poder anti encrespamiento nutre la fibra capilar desde dentro y hace desaparecer el encrespamiento.<\/p>\n\n\n\n<p>Como apunte, los <strong>componentes<\/strong> m\u00e1s presentes en este alisado son la <strong>keratina y el \u00e1cido hialur\u00f3nico<\/strong>, los cuales son prote\u00ednas termoactivas que necesitan calor para crear ese efecto sedoso y liso.<\/p>\n\n\n\n<p>Por ello, lo mejor es utilizar el secador a media potencia con aire caliente despu\u00e9s de la ducha, ya que ayudar\u00e1 a prolongar la duraci\u00f3n de este <a href=\"https:\/\/www.thebraliz.com\/es\/product\/11445018-the-braliz-by-sergilac---alisado-de-pelo-con-acido-hialuronico\" target=\"_blank\" rel=\"noreferrer noopener\">alisado de Sergilac de keratina<\/a> y nuestra melena quedar\u00e1 como reci\u00e9n salida de la peluquer\u00eda. Adem\u00e1s, este secado evitar\u00e1 que la humedad genere enredos en el cabello.<\/p>\n\n\n\n<p>Sabemos que en verano esto ser\u00e1 complicado, pero mientras menos exposici\u00f3n a playa y piscina, mejor tendremos la melena y m\u00e1s tiempo durar\u00e1 nuestro <strong>efecto de alisado<\/strong>.<\/p>\n\n\n\n<p>Pero como sabemos que esto es complicado y sobre todo si vives en Canarias, lo mejor ser\u00e1 que despu\u00e9s de un d\u00eda de playa, piscina y sol, nos lavemos y tratemos en profundidad con los productos anteriormente nombrados.<\/p>\n\n\n\n<figure class=\"wp-block-image size-large\"><img loading=\"lazy\" width=\"900\" height=\"600\" src=\"https:\/\/www.thebraliz.com\/blog\/wp-content\/uploads\/2021\/07\/Tratamiento-acido-hialuronico-sin-utilizar-la-plancha-1.jpg\" alt=\"Lotes de promoci\u00f3n alisado profesional de productos de peluquer\u00eda\" class=\"wp-image-329\" srcset=\"https:\/\/www.thebraliz.com\/blog\/wp-content\/uploads\/2021\/07\/Tratamiento-acido-hialuronico-sin-utilizar-la-plancha-1.jpg 900w, https:\/\/www.thebraliz.com\/blog\/wp-content\/uploads\/2021\/07\/Tratamiento-acido-hialuronico-sin-utilizar-la-plancha-1-300x200.jpg 300w, https:\/\/www.thebraliz.com\/blog\/wp-content\/uploads\/2021\/07\/Tratamiento-acido-hialuronico-sin-utilizar-la-plancha-1-768x512.jpg 768w\" sizes=\"(max-width: 900px) 100vw, 900px\" \/><\/figure>\n\n\n\n<h4>Lotes de promoci\u00f3n Sergilac para mayor duraci\u00f3n de tu alisado<\/h4>\n\n\n\n<p>En nuestra web The Braliz contamos con numerosas ofertas que ayudar\u00e1n a mantener el efecto sedoso e hidratado con nuestros maravillosos productos.<\/p>\n\n\n\n<p>La <a href=\"https:\/\/www.thebraliz.com\/es\/product\/11463638-lote-the-braliz-frizz-free-shampoo-frizz-free-mask\" target=\"_blank\" rel=\"noreferrer noopener\">oferta de <strong><em>The Frizz Free Shampoo<\/em> <\/strong>y <strong><em>The Frizz Free Mask<\/em><\/strong><\/a> por solo <strong>39.99 euros<\/strong> es una verdadera ganga.<br>Y a\u00f1adi\u00e9ndole el tratamiento <strong><em>The Braliz by Sergilac<\/em><\/strong> nos saldr\u00e1 todo el lote tan solo <strong>65.95 euros<\/strong> y el env\u00edo gratis a cualquier punto de Espa\u00f1a (Canarias, Peninsula, Baleares, Ceuta y Melilla).<\/p>\n\n\n\n<p>Para las <strong>canarias<\/strong> que nos leen, informarles que nuestro almacen est\u00e1 en <a href=\"https:\/\/g.page\/r\/Cb17ieDKG77bEAE\">Telde (Gran Canaria)<\/a>, por lo que los env\u00edos a cualquiera de las 8 islas se entregar\u00e1n en solo 24-48 horas laborales y sin sorpresas de aduanas (siiii, tambi\u00e9n entregamos a La Graciosa&#8230; as\u00ed aprovechamos para \u00abecharnos el buchito caf\u00e9\u00bb en <em>Casa Chano<\/em>).<br>Y si no quieres comprar online pues puedes comprar este producto de alisado en las peluquerias de <strong><em><a href=\"https:\/\/www.pravelapeluqueros.es\">Pravela Peluqueros<\/a><\/em><\/strong> en Gran Canaria.<\/p>\n\n\n\n<p class=\"has-text-align-center\"><strong><em>\u00bfNo es fant\u00e1stico?<\/em><\/strong><\/p>\n\n\n\n<p class=\"has-text-align-center\">Bueno, chicas. Gracias de nuevo por leernos otro d\u00eda m\u00e1s y compartir con nosotros la ilusi\u00f3n de nuestro tratamiento de <a href=\"https:\/\/www.thebraliz.com\/es\/product\/11445018-the-braliz-by-sergilac---alisado-de-pelo-con-acido-hialuronico\" target=\"_blank\" rel=\"noreferrer noopener\">alisado de pelo con \u00e1cido hialur\u00f3nico y keratina<\/a>.<\/p>\n\n\n\n<p class=\"has-text-align-center\"><strong><em>\u00a1Un gran abrazo virtual y hasta el pr\u00f3ximo post!<\/em><\/strong><\/p>\n\n\n\n<hr class=\"wp-block-separator\"\/>\n\n\n\n<div class=\"wp-block-buttons aligncenter\">\n<div class=\"wp-block-button\"><a class=\"wp-block-button__link\" href=\"https:\/\/www.thebraliz.com\" target=\"_blank\" rel=\"noreferrer noopener\">Comprar alisado<\/a><\/div>\n\n\n\n<div class=\"wp-block-button\"><a class=\"wp-block-button__link\" href=\"https:\/\/www.thebraliz.com\/es\/178521-como-realizar-alisado-en-casa-o-peluqueria\" target=\"_blank\" rel=\"noreferrer noopener\">Como se realiza<\/a><\/div>\n\n\n\n<div class=\"wp-block-button\"><a class=\"wp-block-button__link\" href=\"https:\/\/www.instagram.com\/thebraliz\/\" target=\"_blank\" rel=\"noreferrer noopener\">Instagram<\/a><\/div>\n<\/div>\n\n\n\n<p><\/p>\n","protected":false},"excerpt":{"rendered":"<p>Damos consejos para prolongar la duraci\u00f3n de tu alisado The Braliz y sacarle el m\u00e1ximo potencial al tratamiento m\u00e1s aclamado.<\/p>\n","protected":false},"author":2,"featured_media":326,"comment_status":"closed","ping_status":"open","sticky":false,"template":"","format":"standard","meta":[],"categories":[1],"tags":[],"yoast_head":"<!-- This site is optimized with the Yoast SEO plugin v15.7 - https:\/\/yoast.com\/wordpress\/plugins\/seo\/ -->\n<title>Alisado con \u00c1cido Hialur\u00f3nico - Consejos para prolongar su duraci\u00f3n<\/title>\n<meta name=\"description\" content=\"Damos consejos para prolongar la duraci\u00f3n de tu alisado The Braliz y sacarle el m\u00e1ximo potencial al tratamiento m\u00e1s aclamado.\" \/>\n<meta name=\"robots\" content=\"index, follow, max-snippet:-1, max-image-preview:large, max-video-preview:-1\" \/>\n<link rel=\"canonical\" href=\"https:\/\/www.thebraliz.com\/blog\/consejos-trucos-prolongar-duracion-alisado-acido-hialuronico\/\" \/>\n<meta property=\"og:locale\" content=\"es_ES\" \/>\n<meta property=\"og:type\" content=\"article\" \/>\n<meta property=\"og:title\" content=\"The Braliz Blog\" \/>\n<meta property=\"og:description\" content=\"Como prolongar la duraci\u00f3n de un alisado de pelo con \u00e1cido hialur\u00f3nico y keratina\" \/>\n<meta property=\"og:url\" content=\"https:\/\/www.thebraliz.com\/blog\/consejos-trucos-prolongar-duracion-alisado-acido-hialuronico\/\" \/>\n<meta property=\"og:site_name\" content=\"The Braliz Blog\" \/>\n<meta property=\"article:published_time\" content=\"2021-07-26T07:02:35+00:00\" \/>\n<meta property=\"article:modified_time\" content=\"2023-02-06T14:52:04+00:00\" \/>\n<meta property=\"og:image\" content=\"https:\/\/www.thebraliz.com\/blog\/wp-content\/uploads\/2021\/07\/Como-prolongar-la-duracion-de-un-alisado-the-braliz-sergilac-1.jpg\" \/>\n\t<meta property=\"og:image:width\" content=\"2121\" \/>\n\t<meta property=\"og:image:height\" content=\"1414\" \/>\n<meta name=\"twitter:card\" content=\"summary_large_image\" \/>\n<meta name=\"twitter:label1\" content=\"Tiempo de lectura\">\n\t<meta name=\"twitter:data1\" content=\"5 minutos\">\n<script type=\"application\/ld+json\" class=\"yoast-schema-graph\">{\"@context\":\"https:\/\/schema.org\",\"@graph\":[{\"@type\":\"WebSite\",\"@id\":\"https:\/\/www.thebraliz.com\/blog\/#website\",\"url\":\"https:\/\/www.thebraliz.com\/blog\/\",\"name\":\"The Braliz Blog\",\"description\":\"The Braliz Blog. Noticias The Braliz\",\"potentialAction\":[{\"@type\":\"SearchAction\",\"target\":\"https:\/\/www.thebraliz.com\/blog\/?s={search_term_string}\",\"query-input\":\"required name=search_term_string\"}],\"inLanguage\":\"es\"},{\"@type\":\"ImageObject\",\"@id\":\"https:\/\/www.thebraliz.com\/blog\/consejos-trucos-prolongar-duracion-alisado-acido-hialuronico\/#primaryimage\",\"inLanguage\":\"es\",\"url\":\"https:\/\/www.thebraliz.com\/blog\/wp-content\/uploads\/2021\/07\/Como-prolongar-la-duracion-de-un-alisado-the-braliz-sergilac-1.jpg\",\"width\":2121,\"height\":1414,\"caption\":\"Como prolongar la duraci\\u00f3n de un alisado\"},{\"@type\":\"WebPage\",\"@id\":\"https:\/\/www.thebraliz.com\/blog\/consejos-trucos-prolongar-duracion-alisado-acido-hialuronico\/#webpage\",\"url\":\"https:\/\/www.thebraliz.com\/blog\/consejos-trucos-prolongar-duracion-alisado-acido-hialuronico\/\",\"name\":\"Alisado con \\u00c1cido Hialur\\u00f3nico - Consejos para prolongar su duraci\\u00f3n\",\"isPartOf\":{\"@id\":\"https:\/\/www.thebraliz.com\/blog\/#website\"},\"primaryImageOfPage\":{\"@id\":\"https:\/\/www.thebraliz.com\/blog\/consejos-trucos-prolongar-duracion-alisado-acido-hialuronico\/#primaryimage\"},\"datePublished\":\"2021-07-26T07:02:35+00:00\",\"dateModified\":\"2023-02-06T14:52:04+00:00\",\"author\":{\"@id\":\"https:\/\/www.thebraliz.com\/blog\/#\/schema\/person\/5532913abeb3c4ffd1c52fa8ec416683\"},\"description\":\"Damos consejos para prolongar la duraci\\u00f3n de tu alisado The Braliz y sacarle el m\\u00e1ximo potencial al tratamiento m\\u00e1s aclamado.\",\"inLanguage\":\"es\",\"potentialAction\":[{\"@type\":\"ReadAction\",\"target\":[\"https:\/\/www.thebraliz.com\/blog\/consejos-trucos-prolongar-duracion-alisado-acido-hialuronico\/\"]}]},{\"@type\":\"Person\",\"@id\":\"https:\/\/www.thebraliz.com\/blog\/#\/schema\/person\/5532913abeb3c4ffd1c52fa8ec416683\",\"name\":\"The Braliz\",\"image\":{\"@type\":\"ImageObject\",\"@id\":\"https:\/\/www.thebraliz.com\/blog\/#personlogo\",\"inLanguage\":\"es\",\"url\":\"https:\/\/secure.gravatar.com\/avatar\/1a7dc00cd1f18003f98615b1251b44f5?s=96&d=mm&r=g\",\"caption\":\"The Braliz\"},\"sameAs\":[\"https:\/\/www.thebraliz.com\"]}]}<\/script>\n<!-- \/ Yoast SEO plugin. -->","_links":{"self":[{"href":"https:\/\/www.thebraliz.com\/blog\/wp-json\/wp\/v2\/posts\/325"}],"collection":[{"href":"https:\/\/www.thebraliz.com\/blog\/wp-json\/wp\/v2\/posts"}],"about":[{"href":"https:\/\/www.thebraliz.com\/blog\/wp-json\/wp\/v2\/types\/post"}],"author":[{"embeddable":true,"href":"https:\/\/www.thebraliz.com\/blog\/wp-json\/wp\/v2\/users\/2"}],"replies":[{"embeddable":true,"href":"https:\/\/www.thebraliz.com\/blog\/wp-json\/wp\/v2\/comments?post=325"}],"version-history":[{"count":3,"href":"https:\/\/www.thebraliz.com\/blog\/wp-json\/wp\/v2\/posts\/325\/revisions"}],"predecessor-version":[{"id":342,"href":"https:\/\/www.thebraliz.com\/blog\/wp-json\/wp\/v2\/posts\/325\/revisions\/342"}],"wp:featuredmedia":[{"embeddable":true,"href":"https:\/\/www.thebraliz.com\/blog\/wp-json\/wp\/v2\/media\/326"}],"wp:attachment":[{"href":"https:\/\/www.thebraliz.com\/blog\/wp-json\/wp\/v2\/media?parent=325"}],"wp:term":[{"taxonomy":"category","embeddable":true,"href":"https:\/\/www.thebraliz.com\/blog\/wp-json\/wp\/v2\/categories?post=325"},{"taxonomy":"post_tag","embeddable":true,"href":"https:\/\/www.thebraliz.com\/blog\/wp-json\/wp\/v2\/tags?post=325"}],"curies":[{"name":"wp","href":"https:\/\/api.w.org\/{rel}","templated":true}]}}